{"id":143113,"date":"2026-09-05T21:31:06","date_gmt":"2026-09-06T03:31:06","guid":{"rendered":"https:\/\/mexpress.info\/index\/?p=143113"},"modified":"2026-09-05T21:31:12","modified_gmt":"2026-09-06T03:31:12","slug":"reconocen-a-policias-de-escobedo-por-su-labor-y-trayectoria","status":"publish","type":"post","link":"https:\/\/mexpress.info\/index\/2026\/09\/reconocen-a-policias-de-escobedo-por-su-labor-y-trayectoria\/","title":{"rendered":"RECONOCEN A POLIC\u00cdAS DE ESCOBEDO POR SU LABOR Y TRAYECTORIA"},"content":{"rendered":"<p>Para reconocer la labor, trayectoria y compromiso de los elementos de la Secretar\u00eda de Seguridad Ciudadana, el Gobierno de Escobedo llev\u00f3 a cabo la Ceremonia Conmemorativa del D\u00eda del Polic\u00eda, Ascensos Policiales y M\u00e9rito Policial.<br \/>\nEl evento se realiz\u00f3 en el Teatro Fidel Vel\u00e1zquez y estuvo encabezado por Jos\u00e9 Antonio Quiroga Chapa, encargado de despacho de la Presidencia Municipal de Escobedo, y Marco Antonio Zavala Sol\u00eds, Secretario de Seguridad.<br \/>\nDurante la ceremonia, 35 polic\u00edas recibieron un nuevo grado en reconocimiento a su desempe\u00f1o, compromiso y trayectoria dentro de la corporaci\u00f3n. Asimismo, se otorgaron reconocimientos al M\u00e9rito Policial a 156 elementos que han destacado por su labor y servicio en favor de la seguridad de las familias de Escobedo.<br \/>\nEn su mensaje, Quiroga Chapa destac\u00f3 la importancia de reconocer a quienes diariamente trabajan por la seguridad del municipio, as\u00ed como de brindarles las herramientas necesarias para fortalecer su desempe\u00f1o y desarrollo profesional.<br \/>\n\u201cEn Escobedo llevamos a\u00f1os construyendo una manera distinta de entender la seguridad: un polic\u00eda que use inteligencia y tecnolog\u00eda, pero que<br \/>\nnunca pierda el contacto con su comunidad\u201d, se\u00f1al\u00f3.<br \/>\nAdem\u00e1s, resalt\u00f3 que contar con una corporaci\u00f3n de primer nivel requiere brindar a los polic\u00edas capacitaci\u00f3n, respaldo y reconocimiento por su trabajo.<br \/>\n\u201cLa 4T norte\u00f1a entiende algo muy sencillo: no podemos pedir polic\u00edas de primera si no tratamos a los polic\u00edas como elementos de primera. Hay que capacitarlos, respaldarlos y, cuando hay buenos resultados, tambi\u00e9n hay que reconocerlos\u201d, expres\u00f3.<br \/>\nLos elementos reconocidos estuvieron acompa\u00f1ados por sus familias, quienes fueron testigos de este momento en el que se destac\u00f3 su esfuerzo, compromiso y vocaci\u00f3n de servicio.<br \/>\n<img data-recalc-dims=\"1\" decoding=\"async\" loading=\"lazy\" src=\"https:\/\/i0.wp.com\/mexpress.info\/index\/wp-content\/uploads\/2026\/09\/WhatsApp-Image-2026-09-05-at-4.19.32-PM.jpeg?resize=300%2C182\" alt=\"\" width=\"300\" height=\"182\" class=\"alignnone size-medium wp-image-143114\" srcset=\"https:\/\/i0.wp.com\/mexpress.info\/index\/wp-content\/uploads\/2026\/09\/WhatsApp-Image-2026-09-05-at-4.19.32-PM.jpeg?resize=300%2C182&amp;ssl=1 300w, https:\/\/i0.wp.com\/mexpress.info\/index\/wp-content\/uploads\/2026\/09\/WhatsApp-Image-2026-09-05-at-4.19.32-PM.jpeg?resize=1024%2C622&amp;ssl=1 1024w, https:\/\/i0.wp.com\/mexpress.info\/index\/wp-content\/uploads\/2026\/09\/WhatsApp-Image-2026-09-05-at-4.19.32-PM.jpeg?resize=1536%2C933&amp;ssl=1 1536w, https:\/\/i0.wp.com\/mexpress.info\/index\/wp-content\/uploads\/2026\/09\/WhatsApp-Image-2026-09-05-at-4.19.32-PM.jpeg?w=1600&amp;ssl=1 1600w, https:\/\/i0.wp.com\/mexpress.info\/index\/wp-content\/uploads\/2026\/09\/WhatsApp-Image-2026-09-05-at-4.19.32-PM.jpeg?w=1280 1280w\" sizes=\"auto, (max-width: 300px) 100vw, 300px\" \/><\/p>\n","protected":false},"excerpt":{"rendered":"<p>Para reconocer la labor, trayectoria y compromiso de los elementos de la Secretar\u00eda de Seguridad Ciudadana, el Gobierno de Escobedo llev\u00f3 a cabo la Ceremonia Conmemorativa del D\u00eda del Polic\u00eda, Ascensos Policiales y M\u00e9rito Policial. El evento se realiz\u00f3 en el Teatro Fidel Vel\u00e1zquez y estuvo encabezado por Jos\u00e9 Antonio Quiroga Chapa, encargado de despacho [&hellip;]<\/p>\n","protected":false},"author":2,"featured_media":143115,"comment_status":"open","ping_status":"open","sticky":false,"template":"","format":"standard","meta":{"nf_dc_page":"","_jetpack_newsletter_access":"","_jetpack_dont_email_post_to_subs":false,"_jetpack_newsletter_tier_id":0,"_jetpack_memberships_contains_paywalled_content":false,"_jetpack_memberships_contains_paid_content":false,"footnotes":""},"categories":[20],"tags":[],"class_list":["post-143113","post","type-post","status-publish","format-standard","has-post-thumbnail","hentry","category-seguridad"],"jetpack_sharing_enabled":true,"jetpack_featured_media_url":"https:\/\/i0.wp.com\/mexpress.info\/index\/wp-content\/uploads\/2026\/09\/WhatsApp-Image-2026-09-05-at-4.19.30-PM-1.jpeg?fit=1600%2C988&ssl=1","_links":{"self":[{"href":"https:\/\/mexpress.info\/index\/wp-json\/wp\/v2\/posts\/143113","targetHints":{"allow":["GET"]}}],"collection":[{"href":"https:\/\/mexpress.info\/index\/wp-json\/wp\/v2\/posts"}],"about":[{"href":"https:\/\/mexpress.info\/index\/wp-json\/wp\/v2\/types\/post"}],"author":[{"embeddable":true,"href":"https:\/\/mexpress.info\/index\/wp-json\/wp\/v2\/users\/2"}],"replies":[{"embeddable":true,"href":"https:\/\/mexpress.info\/index\/wp-json\/wp\/v2\/comments?post=143113"}],"version-history":[{"count":1,"href":"https:\/\/mexpress.info\/index\/wp-json\/wp\/v2\/posts\/143113\/revisions"}],"predecessor-version":[{"id":143116,"href":"https:\/\/mexpress.info\/index\/wp-json\/wp\/v2\/posts\/143113\/revisions\/143116"}],"wp:featuredmedia":[{"embeddable":true,"href":"https:\/\/mexpress.info\/index\/wp-json\/wp\/v2\/media\/143115"}],"wp:attachment":[{"href":"https:\/\/mexpress.info\/index\/wp-json\/wp\/v2\/media?parent=143113"}],"wp:term":[{"taxonomy":"category","embeddable":true,"href":"https:\/\/mexpress.info\/index\/wp-json\/wp\/v2\/categories?post=143113"},{"taxonomy":"post_tag","embeddable":true,"href":"https:\/\/mexpress.info\/index\/wp-json\/wp\/v2\/tags?post=143113"}],"curies":[{"name":"wp","href":"https:\/\/api.w.org\/{rel}","templated":true}]}}