{"id":143099,"date":"2026-09-04T19:54:24","date_gmt":"2026-09-05T01:54:24","guid":{"rendered":"https:\/\/mexpress.info\/index\/?p=143099"},"modified":"2026-09-04T19:54:24","modified_gmt":"2026-09-05T01:54:24","slug":"exhibe-mijes-ineficiencia-y-corrupcion-de-agua-y-drenaje-de-monterrey","status":"publish","type":"post","link":"https:\/\/mexpress.info\/index\/2026\/09\/exhibe-mijes-ineficiencia-y-corrupcion-de-agua-y-drenaje-de-monterrey\/","title":{"rendered":"Exhibe Mijes ineficiencia y corrupci\u00f3n de Agua y Drenaje de Monterrey"},"content":{"rendered":"<p>Monterrey, Nuevo Le\u00f3n.- Ante las fugas y la escasez del agua en sectores de Nuevo Le\u00f3n, Andr\u00e9s Mijes acudi\u00f3 a las instalaciones de ese organismo para colocar un \u201cMonumento a la ineficiencia y corrupci\u00f3n de Servicios de Agua y Drenaje de Monterrey.<\/p>\n<p>Este viernes, acompa\u00f1ado de vecinos, el aspirante a la Coordinaci\u00f3n Estatal de la Defensa de la Transformaci\u00f3n y Soberan\u00eda Nacional acudi\u00f3 a las instalaciones del organismo para colocar esta pieza que exhibe todas las fallas en un acceso digno al vital l\u00edquido.<\/p>\n<p>\u201cEstamos aqu\u00ed por algo muy serio que es la salud de nuestras familias porque las aguas negras no solo son mal olor, son bacterias, contaminaci\u00f3n y luego enfermedades\u2026Padecen las familias de Nuevo Le\u00f3n este grave problema que son las fugas de Agua y Drenaje\u201d, plante\u00f3.<\/p>\n<p>Dijo que ante la indiferencia en esto y el abasto del vital l\u00edquido acudieron a \u201cclausurar\u201d simb\u00f3licamente la dependencia.<\/p>\n<p><img data-recalc-dims=\"1\" decoding=\"async\" loading=\"lazy\" class=\"alignnone size-medium wp-image-143101\" src=\"https:\/\/i0.wp.com\/mexpress.info\/index\/wp-content\/uploads\/2026\/09\/WhatsApp-Image-2026-09-04-at-3.37.53-PM.jpeg?resize=300%2C200\" alt=\"\" width=\"300\" height=\"200\" srcset=\"https:\/\/i0.wp.com\/mexpress.info\/index\/wp-content\/uploads\/2026\/09\/WhatsApp-Image-2026-09-04-at-3.37.53-PM.jpeg?resize=300%2C200&amp;ssl=1 300w, https:\/\/i0.wp.com\/mexpress.info\/index\/wp-content\/uploads\/2026\/09\/WhatsApp-Image-2026-09-04-at-3.37.53-PM.jpeg?resize=1024%2C683&amp;ssl=1 1024w, https:\/\/i0.wp.com\/mexpress.info\/index\/wp-content\/uploads\/2026\/09\/WhatsApp-Image-2026-09-04-at-3.37.53-PM.jpeg?w=1500&amp;ssl=1 1500w, https:\/\/i0.wp.com\/mexpress.info\/index\/wp-content\/uploads\/2026\/09\/WhatsApp-Image-2026-09-04-at-3.37.53-PM.jpeg?w=1280 1280w\" sizes=\"auto, (max-width: 300px) 100vw, 300px\" \/><\/p>\n<p>\u201cAgua y Drenaje tiene un responsable y s\u00ed no es su director, no son sus trabajadores con quienes nos solidarizamos al contrario, es el gobernador Samuel Garc\u00eda, es quien ha despojado a Agua y Drenaje\u2026Es la responsabilidad del gobernador de endeudar con m\u00e1s de 10 millones de pesos a Agua y Drenaje\u201d, se\u00f1al\u00f3.<\/p>\n<p>Agreg\u00f3 que los trabajadores de AyD no tiene ni las herramientas ni el material que necesitan para trabajar-<\/p>\n<p>Adem\u00e1s, de que el gobierno estatal est\u00e1 tratando de desaparecer su sindicato.<\/p>\n<p>El pol\u00edtico conmin\u00f3 a que el mandatario del estado le ponga atenci\u00f3n al asunto y se apiade de las familias de Nuevo Le\u00f3n.<\/p>\n<p>\u201cQue termine con esta ineptitud y esta corrupci\u00f3n\u201d, subray\u00f3.<\/p>\n","protected":false},"excerpt":{"rendered":"<p>Monterrey, Nuevo Le\u00f3n.- Ante las fugas y la escasez del agua en sectores de Nuevo Le\u00f3n, Andr\u00e9s Mijes acudi\u00f3 a las instalaciones de ese organismo para colocar un \u201cMonumento a la ineficiencia y corrupci\u00f3n de Servicios de Agua y Drenaje de Monterrey. Este viernes, acompa\u00f1ado de vecinos, el aspirante a la Coordinaci\u00f3n Estatal de la [&hellip;]<\/p>\n","protected":false},"author":4,"featured_media":143100,"comment_status":"open","ping_status":"open","sticky":false,"template":"","format":"standard","meta":{"nf_dc_page":"","_jetpack_newsletter_access":"","_jetpack_dont_email_post_to_subs":false,"_jetpack_newsletter_tier_id":0,"_jetpack_memberships_contains_paywalled_content":false,"_jetpack_memberships_contains_paid_content":false,"footnotes":""},"categories":[1,16],"tags":[382,47],"class_list":["post-143099","post","type-post","status-publish","format-standard","has-post-thumbnail","hentry","category-local","category-locales","tag-agua-y-drenaje-de-monterrey","tag-andres-mijes"],"jetpack_sharing_enabled":true,"jetpack_featured_media_url":"https:\/\/i0.wp.com\/mexpress.info\/index\/wp-content\/uploads\/2026\/09\/WhatsApp-Image-2026-09-04-at-3.37.52-PM.jpeg?fit=1500%2C1000&ssl=1","_links":{"self":[{"href":"https:\/\/mexpress.info\/index\/wp-json\/wp\/v2\/posts\/143099","targetHints":{"allow":["GET"]}}],"collection":[{"href":"https:\/\/mexpress.info\/index\/wp-json\/wp\/v2\/posts"}],"about":[{"href":"https:\/\/mexpress.info\/index\/wp-json\/wp\/v2\/types\/post"}],"author":[{"embeddable":true,"href":"https:\/\/mexpress.info\/index\/wp-json\/wp\/v2\/users\/4"}],"replies":[{"embeddable":true,"href":"https:\/\/mexpress.info\/index\/wp-json\/wp\/v2\/comments?post=143099"}],"version-history":[{"count":1,"href":"https:\/\/mexpress.info\/index\/wp-json\/wp\/v2\/posts\/143099\/revisions"}],"predecessor-version":[{"id":143102,"href":"https:\/\/mexpress.info\/index\/wp-json\/wp\/v2\/posts\/143099\/revisions\/143102"}],"wp:featuredmedia":[{"embeddable":true,"href":"https:\/\/mexpress.info\/index\/wp-json\/wp\/v2\/media\/143100"}],"wp:attachment":[{"href":"https:\/\/mexpress.info\/index\/wp-json\/wp\/v2\/media?parent=143099"}],"wp:term":[{"taxonomy":"category","embeddable":true,"href":"https:\/\/mexpress.info\/index\/wp-json\/wp\/v2\/categories?post=143099"},{"taxonomy":"post_tag","embeddable":true,"href":"https:\/\/mexpress.info\/index\/wp-json\/wp\/v2\/tags?post=143099"}],"curies":[{"name":"wp","href":"https:\/\/api.w.org\/{rel}","templated":true}]}}