{"id":143093,"date":"2026-09-04T16:34:41","date_gmt":"2026-09-04T22:34:41","guid":{"rendered":"https:\/\/mexpress.info\/index\/?p=143093"},"modified":"2026-09-04T16:34:52","modified_gmt":"2026-09-04T22:34:52","slug":"reconoce-uanl-trayectoria-docente-con-nombramientos-de-profesor-emerito","status":"publish","type":"post","link":"https:\/\/mexpress.info\/index\/2026\/09\/reconoce-uanl-trayectoria-docente-con-nombramientos-de-profesor-emerito\/","title":{"rendered":"Reconoce UANL trayectoria docente con nombramientos de profesor em\u00e9rito"},"content":{"rendered":"<p>Ocho catedr\u00e1ticos con m\u00e1s de 30 a\u00f1os de servicio recibieron el m\u00e1ximo reconocimiento a la labor acad\u00e9mica y cient\u00edfica que otorga la M\u00e1xima Casa de Estudios del Estado en Sesi\u00f3n Solemne realizada en el Teatro Universitario.<\/p>\n<p>En reconocimiento a su prol\u00edfica trayectoria docente, la Universidad Aut\u00f3noma de Nuevo Le\u00f3n (UANL) otorg\u00f3 el nombramiento de Profesor Em\u00e9rito a ocho catedr\u00e1ticos en Sesi\u00f3n Solemne del H. Consejo Universitario.<\/p>\n<p>Desde 1974, la M\u00e1xima Casa de Estudios de Nuevo Le\u00f3n otorga esta distinci\u00f3n al personal acad\u00e9mico cuya carrera se extiende a m\u00e1s de tres d\u00e9cadas de servicio y se haya destacado en actividades educativas y en labores de investigaci\u00f3n. Esta condecoraci\u00f3n es el m\u00e1ximo reconocimiento que otorga la instituci\u00f3n a sus docentes.<\/p>\n<p>En la presente edici\u00f3n, el Rector de la UANL, Santos Guzman L\u00f3pez, impuso el birrete y entreg\u00f3 el fistol y diploma que acredita como Profesor Em\u00e9rito a siete acad\u00e9micos del nivel superior y a uno del nivel medio superior en la ceremonia realizada el 4 de septiembre en el Teatro Universitario del Campus Mederos.<\/p>\n<p>Durante su mensaje, el Ejecutivo Universitario destac\u00f3 que la excelencia educativa no es un punto de llegada, sino una forma de vivir la Universidad y de servir a la sociedad. <\/p>\n<p>\u201cSer nombrado Profesora o Profesor Em\u00e9rito representa mucho m\u00e1s que una distinci\u00f3n acad\u00e9mica. Significa que la Universidad reconoce en una persona una trayectoria que ha trascendido las aulas, los laboratorios, los espacios administrativos y las generaciones de estudiantes para convertirse en parte de la propia historia de nuestra instituci\u00f3n.<\/p>\n<p>\u201cCada una y cada uno, desde su disciplina y desde su espacio universitario, ha contribuido a hacer m\u00e1s grande a nuestra Universidad. Hoy la Universidad Aut\u00f3noma de Nuevo Le\u00f3n les dice gracias y los reconoce por su brillante labor. Gracias por los a\u00f1os de ense\u00f1anza, por las generaciones que ayudaron a formar y por el conocimiento que compartieron\u201d, se\u00f1al\u00f3.<\/p>\n<p>Destacan su labor docente<\/p>\n<p>En representaci\u00f3n de los ocho galardonados, Dionicio \u00c1ngel Galarza Delgado reiter\u00f3 su eterna gratitud a todos los que contribuyeron a este logro. Destac\u00f3 que su labor en la Facultad de Medicina le ha permitido comprender los conceptos oslerianos de que en el ambiente universitario todos son estudiantes y aprenden mutuamente.<\/p>\n<p>\u201cSer profesor en cualquier nivel es m\u00e1s que un trabajo, es una vocaci\u00f3n, un llamado, una oportunidad de ayudar a moldear las mentes y los corazones de los j\u00f3venes alumnos que constituyen la esperanza de formar una mejor sociedad y un mejor mundo\u201d, expres\u00f3.<\/p>\n<p>El galardonado, quien ha ejercido la docencia durante 38 a\u00f1os en la Facultad de Medicina, manifest\u00f3 su profundo orgullo y responsabilidad al aceptar esta distinci\u00f3n.<\/p>\n<p>\u201cSer catedr\u00e1tico de la Universidad Aut\u00f3noma de Nuevo Le\u00f3n y de la Facultad de Medicina me ha permitido aprender a cabalidad los conceptos del ambiente y esp\u00edritu universitarios. Todos somos estudiantes y todos aprendemos de todos. Todo lo que yo he aprendido de mis alumnos me ha permitido seguir siendo siempre un estudiante\u201d, enfatiz\u00f3.<\/p>\n<p>En la Sesi\u00f3n Solemne estuvo el pleno del H. Consejo Universitario, los miembros de la H. Junta de Gobierno, encabezada por su presidente Luis Humberto G\u00f3mez Dan\u00e9s; el Secretario General de la UANL, Mario Garza Castillo; el Secretario Acad\u00e9mico, Jaime Castillo Elizondo; y el Abogado General, Sergio Manuel S\u00e1nchez Trejo.<\/p>\n<p>Profesor Em\u00e9rito UANL 2026<\/p>\n<p>\u00b7      Dr. Francisco Zavala Garc\u00eda \/ Facultad de Agronom\u00eda<\/p>\n<p>\u00b7      Mtro. Mart\u00edn Jaime Ontiveros Quintanilla \/ Facultad de Artes Visuales<\/p>\n<p>\u00b7      Dr. Miguel Mariano Escobedo Villarreal \/ Facultad de Medicina<\/p>\n<p>\u00b7      Dr. Dionicio Palacios R\u00edos \/ Facultad de Medicina<\/p>\n<p>\u00b7      Dr. Dionicio \u00c1ngel Galarza Delgado \/ Facultad de Medicina<\/p>\n<p>\u00b7      Dr. Lauro Salvador G\u00f3mez Guerra \/ Facultad de Medicina<\/p>\n<p>\u00b7      Mtra. Marina Duque Mora \/ Facultad de Psicolog\u00eda<\/p>\n<p>\u00b7      Dr. Omar Garza Marroqu\u00edn \/ Escuela Preparatoria No. 13<img data-recalc-dims=\"1\" decoding=\"async\" loading=\"lazy\" src=\"https:\/\/i0.wp.com\/mexpress.info\/index\/wp-content\/uploads\/2026\/09\/profesores-emeritos-uanl-2026-3-copy.jpg?resize=300%2C201\" alt=\"\" width=\"300\" height=\"201\" class=\"alignnone size-medium wp-image-143094\" srcset=\"https:\/\/i0.wp.com\/mexpress.info\/index\/wp-content\/uploads\/2026\/09\/profesores-emeritos-uanl-2026-3-copy.jpg?resize=300%2C201&amp;ssl=1 300w, https:\/\/i0.wp.com\/mexpress.info\/index\/wp-content\/uploads\/2026\/09\/profesores-emeritos-uanl-2026-3-copy.jpg?resize=1024%2C686&amp;ssl=1 1024w, https:\/\/i0.wp.com\/mexpress.info\/index\/wp-content\/uploads\/2026\/09\/profesores-emeritos-uanl-2026-3-copy.jpg?resize=1536%2C1029&amp;ssl=1 1536w, https:\/\/i0.wp.com\/mexpress.info\/index\/wp-content\/uploads\/2026\/09\/profesores-emeritos-uanl-2026-3-copy.jpg?w=1597&amp;ssl=1 1597w, https:\/\/i0.wp.com\/mexpress.info\/index\/wp-content\/uploads\/2026\/09\/profesores-emeritos-uanl-2026-3-copy.jpg?w=1280 1280w\" sizes=\"auto, (max-width: 300px) 100vw, 300px\" \/><\/p>\n","protected":false},"excerpt":{"rendered":"<p>Ocho catedr\u00e1ticos con m\u00e1s de 30 a\u00f1os de servicio recibieron el m\u00e1ximo reconocimiento a la labor acad\u00e9mica y cient\u00edfica que otorga la M\u00e1xima Casa de Estudios del Estado en Sesi\u00f3n Solemne realizada en el Teatro Universitario. En reconocimiento a su prol\u00edfica trayectoria docente, la Universidad Aut\u00f3noma de Nuevo Le\u00f3n (UANL) otorg\u00f3 el nombramiento de Profesor [&hellip;]<\/p>\n","protected":false},"author":2,"featured_media":143095,"comment_status":"open","ping_status":"open","sticky":false,"template":"","format":"standard","meta":{"nf_dc_page":"","_jetpack_newsletter_access":"","_jetpack_dont_email_post_to_subs":false,"_jetpack_newsletter_tier_id":0,"_jetpack_memberships_contains_paywalled_content":false,"_jetpack_memberships_contains_paid_content":false,"footnotes":""},"categories":[17],"tags":[],"class_list":["post-143093","post","type-post","status-publish","format-standard","has-post-thumbnail","hentry","category-educacion"],"jetpack_sharing_enabled":true,"jetpack_featured_media_url":"https:\/\/i0.wp.com\/mexpress.info\/index\/wp-content\/uploads\/2026\/09\/0E9A8297-copy.jpg?fit=1597%2C1078&ssl=1","_links":{"self":[{"href":"https:\/\/mexpress.info\/index\/wp-json\/wp\/v2\/posts\/143093","targetHints":{"allow":["GET"]}}],"collection":[{"href":"https:\/\/mexpress.info\/index\/wp-json\/wp\/v2\/posts"}],"about":[{"href":"https:\/\/mexpress.info\/index\/wp-json\/wp\/v2\/types\/post"}],"author":[{"embeddable":true,"href":"https:\/\/mexpress.info\/index\/wp-json\/wp\/v2\/users\/2"}],"replies":[{"embeddable":true,"href":"https:\/\/mexpress.info\/index\/wp-json\/wp\/v2\/comments?post=143093"}],"version-history":[{"count":1,"href":"https:\/\/mexpress.info\/index\/wp-json\/wp\/v2\/posts\/143093\/revisions"}],"predecessor-version":[{"id":143096,"href":"https:\/\/mexpress.info\/index\/wp-json\/wp\/v2\/posts\/143093\/revisions\/143096"}],"wp:featuredmedia":[{"embeddable":true,"href":"https:\/\/mexpress.info\/index\/wp-json\/wp\/v2\/media\/143095"}],"wp:attachment":[{"href":"https:\/\/mexpress.info\/index\/wp-json\/wp\/v2\/media?parent=143093"}],"wp:term":[{"taxonomy":"category","embeddable":true,"href":"https:\/\/mexpress.info\/index\/wp-json\/wp\/v2\/categories?post=143093"},{"taxonomy":"post_tag","embeddable":true,"href":"https:\/\/mexpress.info\/index\/wp-json\/wp\/v2\/tags?post=143093"}],"curies":[{"name":"wp","href":"https:\/\/api.w.org\/{rel}","templated":true}]}}