{"id":143054,"date":"2026-09-03T16:42:21","date_gmt":"2026-09-03T22:42:21","guid":{"rendered":"https:\/\/mexpress.info\/index\/?p=143054"},"modified":"2026-09-03T16:42:26","modified_gmt":"2026-09-03T22:42:26","slug":"anuncia-san-pedro-tarifas-preferenciales-en-estacionamientos-del-centrito","status":"publish","type":"post","link":"https:\/\/mexpress.info\/index\/2026\/09\/anuncia-san-pedro-tarifas-preferenciales-en-estacionamientos-del-centrito\/","title":{"rendered":"Anuncia San Pedro tarifas preferenciales en estacionamientos del Centrito"},"content":{"rendered":"<p>Comerciantes y visitantes podr\u00e1n acceder a esquemas especiales de estacionamiento de corta y larga estancia, y clientes de negocios afiliados a Vuelve a Centrito tendr\u00e1n la primera hora gratis en el uso de parqu\u00edmetros.<\/p>\n<p>Como parte de las acciones para impulsar la actividad comercial y facilitar la llegada de visitantes al Centrito Valle, el Municipio de San Pedro Garza Garc\u00eda anunci\u00f3 que los clientes de los negocios afiliados al programa \u201cVuelve a Centrito\u201d obtendr\u00e1n gratis la primera hora de estacionamiento en parqu\u00edmetros.<\/p>\n<p>El Alcalde Mauricio Farah Giacom\u00e1n inform\u00f3 que el beneficio contempla dos vertientes: ofrecer alternativas de larga estancia a precios preferenciales para quienes trabajan diariamente en el sector y destinar los espacios de parqu\u00edmetro principalmente a clientes y visitantes de corta estancia.<\/p>\n<p>\u201cEstamos solucionando dos cosas, de parte de toda la gente que trabaja aqu\u00ed y que labora aqu\u00ed, pues, bueno, que pueda tener una pensi\u00f3n accesible, y por parte de los clientes que, pues, que quieran venir, que pueda haber estacionamientos y que tengan este beneficio de que la primera hora no paguen\u201d, explic\u00f3 el Alcalde.<\/p>\n<p>Los beneficios comenzar\u00e1n a aplicarse en octubre, como parte de una estrategia conjunta con Kigo, empresa encargada de la gesti\u00f3n de parqu\u00edmetros en el municipio.<\/p>\n<p>El Secretario General de San Pedro, Luis Susarrey, explic\u00f3 que la medida busca atender una de las principales necesidades manifestadas por comerciantes y visitantes de la zona: contar con mayor disponibilidad de espacios de estacionamiento.<\/p>\n<p>\u201cLo que queremos es que el estacionamiento no sea un problema para quienes vienen al Centrito. Estamos solucionando dos cosas: que la gente que trabaja aqu\u00ed pueda tener una pensi\u00f3n accesible y que los clientes que quieran venir encuentren estacionamiento y tengan el beneficio de que la primera hora no la paguen\u201d, se\u00f1al\u00f3.<\/p>\n<p>Carlos Anaya, CEO de Kigo, resalt\u00f3 la colaboraci\u00f3n con la administraci\u00f3n municipal y enfatiz\u00f3 que San Pedro Garza Garc\u00eda se ha colocado como referente nacional en el mecanismo que utiliza para el pago de parqu\u00edmetros.<\/p>\n<p>\u201cLo que buscamos es precisamente traer tecnolog\u00eda para hacer alianzas y equipo con municipios innovadores, disruptores, como es el caso de San Pedro, y, bueno, que es para nosotros un verdadero orgullo poder permitir que los sampetrinos, que son ejemplo a nivel nacional en adopci\u00f3n de tecnolog\u00eda, en innovaciones limpias\u201d, dijo.<\/p>\n<p>Para acceder a los beneficios, los establecimientos deber\u00e1n estar afiliados al programa \u201cVuelve a Centrito\u201d, en https:\/\/vuelveacentrito.sanpedro.gob.mx\/afiliate-a-centrito, para recibir un distintivo y otorgar a sus clientes un c\u00f3digo QR que les permitir\u00e1 obtener la primera hora gratuita a trav\u00e9s de la aplicaci\u00f3n de Kigo.<\/p>\n<p>Asimismo, los comercios y trabajadores podr\u00e1n acceder a tarifas preferenciales en pensiones y estacionamientos gestionados por Kigo.<img data-recalc-dims=\"1\" decoding=\"async\" loading=\"lazy\" src=\"https:\/\/i0.wp.com\/mexpress.info\/index\/wp-content\/uploads\/2026\/09\/WhatsApp-Image-2026-09-03-at-4.15.21-PM-2.jpeg?resize=300%2C210\" alt=\"\" width=\"300\" height=\"210\" class=\"alignnone size-medium wp-image-143055\" srcset=\"https:\/\/i0.wp.com\/mexpress.info\/index\/wp-content\/uploads\/2026\/09\/WhatsApp-Image-2026-09-03-at-4.15.21-PM-2.jpeg?resize=300%2C210&amp;ssl=1 300w, https:\/\/i0.wp.com\/mexpress.info\/index\/wp-content\/uploads\/2026\/09\/WhatsApp-Image-2026-09-03-at-4.15.21-PM-2.jpeg?resize=1024%2C715&amp;ssl=1 1024w, https:\/\/i0.wp.com\/mexpress.info\/index\/wp-content\/uploads\/2026\/09\/WhatsApp-Image-2026-09-03-at-4.15.21-PM-2.jpeg?w=1280&amp;ssl=1 1280w\" sizes=\"auto, (max-width: 300px) 100vw, 300px\" \/><\/p>\n","protected":false},"excerpt":{"rendered":"<p>Comerciantes y visitantes podr\u00e1n acceder a esquemas especiales de estacionamiento de corta y larga estancia, y clientes de negocios afiliados a Vuelve a Centrito tendr\u00e1n la primera hora gratis en el uso de parqu\u00edmetros. Como parte de las acciones para impulsar la actividad comercial y facilitar la llegada de visitantes al Centrito Valle, el Municipio [&hellip;]<\/p>\n","protected":false},"author":2,"featured_media":143056,"comment_status":"open","ping_status":"open","sticky":false,"template":"","format":"standard","meta":{"nf_dc_page":"","_jetpack_newsletter_access":"","_jetpack_dont_email_post_to_subs":false,"_jetpack_newsletter_tier_id":0,"_jetpack_memberships_contains_paywalled_content":false,"_jetpack_memberships_contains_paid_content":false,"footnotes":""},"categories":[1],"tags":[],"class_list":["post-143054","post","type-post","status-publish","format-standard","has-post-thumbnail","hentry","category-local"],"jetpack_sharing_enabled":true,"jetpack_featured_media_url":"https:\/\/i0.wp.com\/mexpress.info\/index\/wp-content\/uploads\/2026\/09\/WhatsApp-Image-2026-09-03-at-4.15.21-PM.jpeg?fit=1280%2C854&ssl=1","_links":{"self":[{"href":"https:\/\/mexpress.info\/index\/wp-json\/wp\/v2\/posts\/143054","targetHints":{"allow":["GET"]}}],"collection":[{"href":"https:\/\/mexpress.info\/index\/wp-json\/wp\/v2\/posts"}],"about":[{"href":"https:\/\/mexpress.info\/index\/wp-json\/wp\/v2\/types\/post"}],"author":[{"embeddable":true,"href":"https:\/\/mexpress.info\/index\/wp-json\/wp\/v2\/users\/2"}],"replies":[{"embeddable":true,"href":"https:\/\/mexpress.info\/index\/wp-json\/wp\/v2\/comments?post=143054"}],"version-history":[{"count":1,"href":"https:\/\/mexpress.info\/index\/wp-json\/wp\/v2\/posts\/143054\/revisions"}],"predecessor-version":[{"id":143057,"href":"https:\/\/mexpress.info\/index\/wp-json\/wp\/v2\/posts\/143054\/revisions\/143057"}],"wp:featuredmedia":[{"embeddable":true,"href":"https:\/\/mexpress.info\/index\/wp-json\/wp\/v2\/media\/143056"}],"wp:attachment":[{"href":"https:\/\/mexpress.info\/index\/wp-json\/wp\/v2\/media?parent=143054"}],"wp:term":[{"taxonomy":"category","embeddable":true,"href":"https:\/\/mexpress.info\/index\/wp-json\/wp\/v2\/categories?post=143054"},{"taxonomy":"post_tag","embeddable":true,"href":"https:\/\/mexpress.info\/index\/wp-json\/wp\/v2\/tags?post=143054"}],"curies":[{"name":"wp","href":"https:\/\/api.w.org\/{rel}","templated":true}]}}