{"id":142990,"date":"2026-09-01T20:06:42","date_gmt":"2026-09-02T02:06:42","guid":{"rendered":"https:\/\/mexpress.info\/index\/?p=142990"},"modified":"2026-09-01T20:06:47","modified_gmt":"2026-09-02T02:06:47","slug":"inicia-periodo-ordinario-de-sesiones-del-tercer-ano-constitucional","status":"publish","type":"post","link":"https:\/\/mexpress.info\/index\/2026\/09\/inicia-periodo-ordinario-de-sesiones-del-tercer-ano-constitucional\/","title":{"rendered":"INICIA PERIODO ORDINARIO DE SESIONES DEL TERCER A\u00d1O  CONSTITUCIONAL"},"content":{"rendered":"<p>El Congreso del Estado dio inicio al Primer Periodo Ordinario de Sesiones del<br \/>\nTercer A\u00f1o Legislativo.<br \/>\nEn la Sesi\u00f3n Solemne se eligi\u00f3 a las integrantes de la Mesa Directiva que fungir\u00e1<br \/>\ndurante el tercer a\u00f1o de ejercicio constitucional de la LXXVII Legislatura.<br \/>\nLa propuesta para conformar la Mesa Directiva, avalada por las fracciones que<br \/>\nintegran el Congreso del Estado, fue presentada en Tribuna por el Diputado Carlos<br \/>\nde la Fuente y quedo de la siguiente manera:<br \/>\nPresidenta Perla Villarreal, Primer Vice Presidenta Roc\u00edo Montalvo, Segunda<br \/>\nVicepresidenta Brenda Vel\u00e1zquez, Primera Secretaria Claudia Caballero y<br \/>\nSegunda Secretaria Cecilia Robledo.<br \/>\nAl rendir su informe de actividades como presidenta de la mesa directiva del<br \/>\nCongreso del Estado, la Diputada Itzel Castillo Almanza destac\u00f3 que detr\u00e1s de<br \/>\ncada ley, reforma o acuerdo que fueron aprobados surgieron de escuchar a la<br \/>\ngente y de buscar respuestas a problemas reales.<br \/>\nDurante el Segundo A\u00f1o de la 77 Legislatura del Congreso del Estado se<br \/>\naprobaron un total de 628 expedientes, que se tradujeron en 230 decretos, as\u00ed<br \/>\ncomo tambi\u00e9n 232 acuerdos y 811 acuerdos administrativos.<br \/>\nEntre las reformas aprobadas a las diversas leyes se busca proteger a las ni\u00f1as y<br \/>\nni\u00f1os, otras, apoyar a las familias, mejorar la movilidad, garantizar derechos y<br \/>\nbrindar nuevas oportunidades.<br \/>\nLa primera Diputada en dar su mensaje ante el Pleno fue Roc\u00edo Montalvo,<br \/>\nCoordinadora de la Fracci\u00f3n Independiente.<br \/>\n\u201cNo vengo a esta Tribuna a hablar ni a defender a las siglas de un partido, ni a<br \/>\natender la agenda de un grupo pol\u00edtico. Yo s\u00ed estoy aqu\u00ed para dar cuentas y<br \/>\nrepresentar a los que de verdad sostienen a este estado con su trabajo diario\u201d<br \/>\n\u201cEl llamado que le hago a todos mis compa\u00f1eros diputados, a m\u00ed no me interesa si<br \/>\nes del pan, verde, amarillo, azul o rosa, a m\u00ed lo que me interesa es que el<br \/>\npresupuesto llegu\u00e9 al pueblo\u201d, asegur\u00f3.<\/p>\n<p>En su turno la Diputada Guadalupe Rodr\u00edguez, Coordinadora del PT, llam\u00f3 a las<br \/>\nfuerzas pol\u00edticas a construir acuerdos y resolver pendientes que Nuevo Le\u00f3n<br \/>\nnecesita para su futuro, pero sobre todo para el presente.<br \/>\n\u201cDesde el Partido del Trabajo proponemos impulsar una Agenda Legislativa para<br \/>\nordenar el desarrollo urbano y lograr que la vivienda vaya acompa\u00f1ada de<br \/>\ninfraestructura y servicios b\u00e1sicos\u201d.<br \/>\nEnseguida la Diputada Claudia Chapa, Coordinadora del Partido Verde Ecologista,<br \/>\npidi\u00f3 que sea un a\u00f1o en el que las diferencias no los dividan, sino que los obliguen<br \/>\na buscar mejores soluciones.<br \/>\n\u201cTengamos sensatez por y para la gente de Nuevo Le\u00f3n, porque ellos son la raz\u00f3n<br \/>\npor la que estamos aqu\u00ed y porque cuando termine esta Legislatura, lo hagamos<br \/>\ncon la responsabilidad que tenemos con Nuevo Le\u00f3n. Que este \u00faltimo a\u00f1o nos<br \/>\nencuentre trabajando, dialogando y construyendo\u201d.<br \/>\nLa Coordinadora del PRD, la Diputada Perla Villarreal llam\u00f3 al propio Congreso<br \/>\ndel Estado a mantener una postura cercana a la ciudadan\u00eda, que ejerza su funci\u00f3n<br \/>\nde contrapeso y legislar pensando en resolver las necesidades que enfrentan las<br \/>\nfamilias de Nuevo Le\u00f3n.<br \/>\n\u201cEs momento de recuperar el valor de la pol\u00edtica para que, cuando escuchemos<br \/>\nuna necesidad, construyamos una respuesta y logremos que esa respuesta sea<br \/>\npara mejorar la calidad de vida de todas y todos los neoloneses\u201d, refiri\u00f3.<br \/>\nLa Diputada Grecia Benavides, en representaci\u00f3n de Partido Movimiento de<br \/>\nRegeneraci\u00f3n Nacional, Morena, dijo que este momento tiene un significado muy<br \/>\nclaro: recordar para qu\u00e9 est\u00e1n aqu\u00ed y, sobre todo, para qui\u00e9n trabajan.<br \/>\n\u201cNosotras y nosotros creemos que el poder s\u00f3lo tiene sentido cuando se pone al<br \/>\nservicio de la gente. Vamos a respaldar todo aquello que beneficie a la gente,<br \/>\nvenga de quien venga. Vamos a construir acuerdos cuando Nuevo Le\u00f3n los<br \/>\nnecesite. Y tambi\u00e9n vamos a se\u00f1alar lo que est\u00e9 mal, aunque resulte inc\u00f3modo.<br \/>\nNo estamos aqu\u00ed para servir a un gobernador. Tampoco para servir a un partido.<br \/>\nEstamos aqu\u00ed para servir al pueblo\u201d, enfatizo.<br \/>\nEn su participaci\u00f3n la Diputada Melisa Pe\u00f1a mencion\u00f3 \u201cNos queda un a\u00f1o. Un a\u00f1o<br \/>\npara terminar lo que empezamos, para resolver lo que hemos postergado y para<br \/>\ndecidir c\u00f3mo queremos que Nuevo Le\u00f3n recuerde a esta Legislatura. Despu\u00e9s de<br \/>\ndos a\u00f1os de debates, de diferencias, de momentos dif\u00edciles, pero tambi\u00e9n de<br \/>\nacuerdos, creo que hoy vale la pena hacernos una pregunta muy sencilla: \u00bfQu\u00e9<br \/>\nvamos a hacer con el tiempo que nos queda?\u201d<\/p>\n<p>\u201cDiputadas y Diputados: nos queda un a\u00f1o. Hagamos que cuente. Hagamos que<br \/>\nvalga la pena. Hag\u00e1moslo por Nuevo Le\u00f3n\u201d, destac\u00f3.<br \/>\nPor parte de la Bancada del Partido Revolucionario Institucional, su Coordinador,<br \/>\nel Diputado Heriberto Trevi\u00f1o afirm\u00f3 que su bancada mantendr\u00e1 una postura de<br \/>\ndi\u00e1logo y construcci\u00f3n de acuerdos sin imposiciones para defender los intereses<br \/>\nde Nuevo Le\u00f3n y evitar cualquier uso partidista de los recursos p\u00fablicos con fines<br \/>\nelectorales.<br \/>\n\u201cEste Congreso debe ser la voz que defienda la dignidad de Nuevo Le\u00f3n frente a<br \/>\ncualquier intento de menoscabar su autonom\u00eda, recuerden que la historia nos<br \/>\njuzgar\u00e1 no solo por lo que dijimos, sino por lo que hicimos. Y tenemos la<br \/>\noportunidad de demostrar que este Congreso est\u00e1 a la altura de los retos de<br \/>\nnuestro tiempo\u201d, subray\u00f3.<br \/>\nEn representaci\u00f3n del Partido Acci\u00f3n Nacional, el Diputado Ignacio Castellanos<br \/>\nasegur\u00f3 que asumir\u00e1n la m\u00e1xima tribuna con la firme convicci\u00f3n de que la pol\u00edtica<br \/>\nno es el ejercicio de la simulaci\u00f3n ni el espacio para la ocurrencia; la pol\u00edtica es el<br \/>\narte de servir a la persona, de defender su dignidad y de garantizar que la ley sea<br \/>\nel escudo de las familias y no el instrumento del poder en turno.<br \/>\n\u201cNo venimos a calentar esca\u00f1os ni a ser comparsa de un r\u00e9gimen que ha quedado<br \/>\na deber. Desde esta oposici\u00f3n firme, valiente y con causa, dejamos claro que el<br \/>\nGrupo Legislativo del PAN est\u00e1 y estar\u00e1 siempre del lado de la gente\u201d.<br \/>\nAl asumir la Presidencia del Congreso de Nuevo Le\u00f3n para el \u00faltimo a\u00f1o de la<br \/>\nLegislatura, la Diputada Perla Villarreal hizo un llamado a las distintas fuerzas<br \/>\npol\u00edticas y a los tres poderes del Estado a dejar atr\u00e1s la confrontaci\u00f3n y privilegiar<br \/>\nel di\u00e1logo, los acuerdos y el respeto irrestricto a la ley.<br \/>\n\u201cHoy tenemos una oportunidad real de hacer acuerdos. Pero esa oportunidad tiene<br \/>\nfecha de vencimiento\u201d.<br \/>\nVillarreal advirti\u00f3 que la pluralidad pol\u00edtica no debe utilizarse como argumento para<br \/>\ndetener las decisiones que requiere la ciudadan\u00eda y se\u00f1al\u00f3 que existen temas en<br \/>\nlos que todas las fuerzas pol\u00edticas deben ser capaces de encontrar coincidencias.<br \/>\n\u201cHoy, la democracia la construimos todos. Nuevo Le\u00f3n reclama con justicia lo<br \/>\nmejor de nosotros\u201d, puntualiz\u00f3.<br \/>\nA la apertura del periodo ordinario, acudieron Miguel \u00c1ngel Flores Serna,<br \/>\nSecretario General de Gobierno, en representaci\u00f3n del Gobernador del Estado;<br \/>\nLaura Perla C\u00f3rdova Rodr\u00edguez, Magistrada Presidenta del H. Tribunal Superior<br \/>\nde Justicia y del Consejo de la Judicatura del Estado de Nuevo Le\u00f3n; Adri\u00e1n de la<\/p>\n<p>Garza Santos, Presidente Municipal de nuestra Ciudad Capital; Javier Flores<br \/>\nSald\u00edvar, Fiscal General del Estado de Nuevo Le\u00f3n, entre otras personalidades.<img data-recalc-dims=\"1\" decoding=\"async\" loading=\"lazy\" src=\"https:\/\/i0.wp.com\/mexpress.info\/index\/wp-content\/uploads\/2026\/09\/DSC_1826-copy.jpg?resize=300%2C200\" alt=\"\" width=\"300\" height=\"200\" class=\"alignnone size-medium wp-image-142991\" \/><img data-recalc-dims=\"1\" decoding=\"async\" loading=\"lazy\" src=\"https:\/\/i0.wp.com\/mexpress.info\/index\/wp-content\/uploads\/2026\/09\/DSC_1852-copy.jpg?resize=300%2C200\" alt=\"\" width=\"300\" height=\"200\" class=\"alignnone size-medium wp-image-142993\" srcset=\"https:\/\/i0.wp.com\/mexpress.info\/index\/wp-content\/uploads\/2026\/09\/DSC_1852-copy.jpg?resize=300%2C200&amp;ssl=1 300w, https:\/\/i0.wp.com\/mexpress.info\/index\/wp-content\/uploads\/2026\/09\/DSC_1852-copy.jpg?resize=1024%2C683&amp;ssl=1 1024w, https:\/\/i0.wp.com\/mexpress.info\/index\/wp-content\/uploads\/2026\/09\/DSC_1852-copy.jpg?resize=1536%2C1024&amp;ssl=1 1536w, https:\/\/i0.wp.com\/mexpress.info\/index\/wp-content\/uploads\/2026\/09\/DSC_1852-copy.jpg?resize=2048%2C1366&amp;ssl=1 2048w, https:\/\/i0.wp.com\/mexpress.info\/index\/wp-content\/uploads\/2026\/09\/DSC_1852-copy.jpg?w=1280 1280w, https:\/\/i0.wp.com\/mexpress.info\/index\/wp-content\/uploads\/2026\/09\/DSC_1852-copy.jpg?w=1920 1920w\" sizes=\"auto, (max-width: 300px) 100vw, 300px\" \/><\/p>\n","protected":false},"excerpt":{"rendered":"<p>El Congreso del Estado dio inicio al Primer Periodo Ordinario de Sesiones del Tercer A\u00f1o Legislativo. En la Sesi\u00f3n Solemne se eligi\u00f3 a las integrantes de la Mesa Directiva que fungir\u00e1 durante el tercer a\u00f1o de ejercicio constitucional de la LXXVII Legislatura. La propuesta para conformar la Mesa Directiva, avalada por las fracciones que integran [&hellip;]<\/p>\n","protected":false},"author":2,"featured_media":142994,"comment_status":"open","ping_status":"open","sticky":false,"template":"","format":"standard","meta":{"nf_dc_page":"","_jetpack_newsletter_access":"","_jetpack_dont_email_post_to_subs":false,"_jetpack_newsletter_tier_id":0,"_jetpack_memberships_contains_paywalled_content":false,"_jetpack_memberships_contains_paid_content":false,"footnotes":""},"categories":[1],"tags":[],"class_list":["post-142990","post","type-post","status-publish","format-standard","has-post-thumbnail","hentry","category-local"],"jetpack_sharing_enabled":true,"jetpack_featured_media_url":"https:\/\/i0.wp.com\/mexpress.info\/index\/wp-content\/uploads\/2026\/09\/DSC_1826-copy.jpg?fit=2200%2C1467&ssl=1","_links":{"self":[{"href":"https:\/\/mexpress.info\/index\/wp-json\/wp\/v2\/posts\/142990","targetHints":{"allow":["GET"]}}],"collection":[{"href":"https:\/\/mexpress.info\/index\/wp-json\/wp\/v2\/posts"}],"about":[{"href":"https:\/\/mexpress.info\/index\/wp-json\/wp\/v2\/types\/post"}],"author":[{"embeddable":true,"href":"https:\/\/mexpress.info\/index\/wp-json\/wp\/v2\/users\/2"}],"replies":[{"embeddable":true,"href":"https:\/\/mexpress.info\/index\/wp-json\/wp\/v2\/comments?post=142990"}],"version-history":[{"count":1,"href":"https:\/\/mexpress.info\/index\/wp-json\/wp\/v2\/posts\/142990\/revisions"}],"predecessor-version":[{"id":142995,"href":"https:\/\/mexpress.info\/index\/wp-json\/wp\/v2\/posts\/142990\/revisions\/142995"}],"wp:featuredmedia":[{"embeddable":true,"href":"https:\/\/mexpress.info\/index\/wp-json\/wp\/v2\/media\/142994"}],"wp:attachment":[{"href":"https:\/\/mexpress.info\/index\/wp-json\/wp\/v2\/media?parent=142990"}],"wp:term":[{"taxonomy":"category","embeddable":true,"href":"https:\/\/mexpress.info\/index\/wp-json\/wp\/v2\/categories?post=142990"},{"taxonomy":"post_tag","embeddable":true,"href":"https:\/\/mexpress.info\/index\/wp-json\/wp\/v2\/tags?post=142990"}],"curies":[{"name":"wp","href":"https:\/\/api.w.org\/{rel}","templated":true}]}}