{"id":142968,"date":"2026-09-01T19:34:58","date_gmt":"2026-09-02T01:34:58","guid":{"rendered":"https:\/\/mexpress.info\/index\/?p=142968"},"modified":"2026-09-01T19:35:01","modified_gmt":"2026-09-02T01:35:01","slug":"refuerza-monterrey-coordinacion-con-autoridades-y-transportistas","status":"publish","type":"post","link":"https:\/\/mexpress.info\/index\/2026\/09\/refuerza-monterrey-coordinacion-con-autoridades-y-transportistas\/","title":{"rendered":"Refuerza Monterrey coordinaci\u00f3n con autoridades y transportistas"},"content":{"rendered":"<p>Buscan reforzar el Corredor Seguro y mejorar la movilidad en el \u00e1rea metropolitana.<\/p>\n<p>El Gobierno de Monterrey, en coordinaci\u00f3n con autoridades de municipios del \u00e1rea metropolitana y representantes de c\u00e1maras del transporte de carga, llev\u00f3 a cabo una reuni\u00f3n de trabajo para fortalecer el Corredor Seguro que conecta a Linares con Monterrey.<\/p>\n<p>Durante el encuentro se abordaron diferentes medidas para facilitar el tr\u00e1nsito de las unidades de carga pesada, as\u00ed como mecanismos de coordinaci\u00f3n entre las autoridades y los organismos del transporte.<\/p>\n<p>Eduardo S\u00e1nchez Quiroz, Comisario General de la Secretar\u00eda de Seguridad y Protecci\u00f3n Ciudadana de Monterrey, destac\u00f3 la importancia de mantener una comunicaci\u00f3n permanente con el sector para atender situaciones que puedan afectar la movilidad y la seguridad vial.<\/p>\n<p>Entre los temas planteados se encuentra la actualizaci\u00f3n de la red troncal por donde circulan las unidades de carga pesada y la creaci\u00f3n de una aplicaci\u00f3n para facilitar su ingreso a la ciudad y evitar afectaciones a la movilidad. <\/p>\n<p>Adem\u00e1s, se propuso generar un registro de infracciones de los conductores del Servicio P\u00fablico Federal y digitalizar el cobro de multas.<\/p>\n<p>S\u00e1nchez Quiroz se\u00f1al\u00f3 que el Corredor Seguro fue inaugurado a principios de la administraci\u00f3n del alcalde Adri\u00e1n de la Garza y actualmente contempla la participaci\u00f3n de Monterrey, Santiago, Allende, Hualahuises, Montemorelos y Linares, adem\u00e1s de incorporarse San Nicol\u00e1s de los Garza.<\/p>\n<p>&#8220;Esto permite que en ese corredor los veh\u00edculos de carga transiten de una manera libre y segura, y cualquier queja o situaci\u00f3n de riesgo, o donde ellos se sientan presionados o sean detenidos sin causa justificada, sea escuchada por los secretarios, en ese chat en el que estamos participando directamente con las c\u00e1maras del transporte&#8221;, se\u00f1al\u00f3.<\/p>\n<p>En la reuni\u00f3n participaron los secretarios de seguridad de Santiago, Azael Alejandro Castillo Vargas; de San Nicol\u00e1s de los Garza, Jes\u00fas Marcos Garc\u00eda; y de Allende, Salvador Sep\u00falveda, as\u00ed como representantes de Canacar, Amotac, Censecar, Fematrac, Conatram y Caintra, entre otros organismos del sector.<\/p>\n<p>Estas acciones forman parte de la estrategia de seguridad Escudo mediante la cual se impulsa la coordinaci\u00f3n con autoridades y sectores estrat\u00e9gicos para contribuir a una movilidad m\u00e1s segura.<img data-recalc-dims=\"1\" decoding=\"async\" loading=\"lazy\" src=\"https:\/\/i0.wp.com\/mexpress.info\/index\/wp-content\/uploads\/2026\/09\/WhatsApp-Image-2026-09-01-at-2.39.59-PM-1.jpeg?resize=300%2C200\" alt=\"\" width=\"300\" height=\"200\" class=\"alignnone size-medium wp-image-142969\" srcset=\"https:\/\/i0.wp.com\/mexpress.info\/index\/wp-content\/uploads\/2026\/09\/WhatsApp-Image-2026-09-01-at-2.39.59-PM-1.jpeg?resize=300%2C200&amp;ssl=1 300w, https:\/\/i0.wp.com\/mexpress.info\/index\/wp-content\/uploads\/2026\/09\/WhatsApp-Image-2026-09-01-at-2.39.59-PM-1.jpeg?resize=1024%2C682&amp;ssl=1 1024w, https:\/\/i0.wp.com\/mexpress.info\/index\/wp-content\/uploads\/2026\/09\/WhatsApp-Image-2026-09-01-at-2.39.59-PM-1.jpeg?w=1280&amp;ssl=1 1280w\" sizes=\"auto, (max-width: 300px) 100vw, 300px\" \/><\/p>\n","protected":false},"excerpt":{"rendered":"<p>Buscan reforzar el Corredor Seguro y mejorar la movilidad en el \u00e1rea metropolitana. El Gobierno de Monterrey, en coordinaci\u00f3n con autoridades de municipios del \u00e1rea metropolitana y representantes de c\u00e1maras del transporte de carga, llev\u00f3 a cabo una reuni\u00f3n de trabajo para fortalecer el Corredor Seguro que conecta a Linares con Monterrey. Durante el encuentro [&hellip;]<\/p>\n","protected":false},"author":2,"featured_media":142970,"comment_status":"open","ping_status":"open","sticky":false,"template":"","format":"standard","meta":{"nf_dc_page":"","_jetpack_newsletter_access":"","_jetpack_dont_email_post_to_subs":false,"_jetpack_newsletter_tier_id":0,"_jetpack_memberships_contains_paywalled_content":false,"_jetpack_memberships_contains_paid_content":false,"footnotes":""},"categories":[1],"tags":[],"class_list":["post-142968","post","type-post","status-publish","format-standard","has-post-thumbnail","hentry","category-local"],"jetpack_sharing_enabled":true,"jetpack_featured_media_url":"https:\/\/i0.wp.com\/mexpress.info\/index\/wp-content\/uploads\/2026\/09\/WhatsApp-Image-2026-09-01-at-2.39.59-PM-2.jpeg?fit=1280%2C853&ssl=1","_links":{"self":[{"href":"https:\/\/mexpress.info\/index\/wp-json\/wp\/v2\/posts\/142968","targetHints":{"allow":["GET"]}}],"collection":[{"href":"https:\/\/mexpress.info\/index\/wp-json\/wp\/v2\/posts"}],"about":[{"href":"https:\/\/mexpress.info\/index\/wp-json\/wp\/v2\/types\/post"}],"author":[{"embeddable":true,"href":"https:\/\/mexpress.info\/index\/wp-json\/wp\/v2\/users\/2"}],"replies":[{"embeddable":true,"href":"https:\/\/mexpress.info\/index\/wp-json\/wp\/v2\/comments?post=142968"}],"version-history":[{"count":1,"href":"https:\/\/mexpress.info\/index\/wp-json\/wp\/v2\/posts\/142968\/revisions"}],"predecessor-version":[{"id":142971,"href":"https:\/\/mexpress.info\/index\/wp-json\/wp\/v2\/posts\/142968\/revisions\/142971"}],"wp:featuredmedia":[{"embeddable":true,"href":"https:\/\/mexpress.info\/index\/wp-json\/wp\/v2\/media\/142970"}],"wp:attachment":[{"href":"https:\/\/mexpress.info\/index\/wp-json\/wp\/v2\/media?parent=142968"}],"wp:term":[{"taxonomy":"category","embeddable":true,"href":"https:\/\/mexpress.info\/index\/wp-json\/wp\/v2\/categories?post=142968"},{"taxonomy":"post_tag","embeddable":true,"href":"https:\/\/mexpress.info\/index\/wp-json\/wp\/v2\/tags?post=142968"}],"curies":[{"name":"wp","href":"https:\/\/api.w.org\/{rel}","templated":true}]}}