{"id":142957,"date":"2026-09-01T19:22:27","date_gmt":"2026-09-02T01:22:27","guid":{"rendered":"https:\/\/mexpress.info\/index\/?p=142957"},"modified":"2026-09-01T19:22:32","modified_gmt":"2026-09-02T01:22:32","slug":"arranca-san-pedro-rehabilitacion-de-infraestructura-electrica-en-coordinacion-con-cfe","status":"publish","type":"post","link":"https:\/\/mexpress.info\/index\/2026\/09\/arranca-san-pedro-rehabilitacion-de-infraestructura-electrica-en-coordinacion-con-cfe\/","title":{"rendered":"Arranca San Pedro rehabilitaci\u00f3n de infraestructura el\u00e9ctrica en coordinaci\u00f3n con CFE"},"content":{"rendered":"<p>Durante los pr\u00f3ximos meses, el Municipio de San Pedro Garza Garc\u00eda y la Comisi\u00f3n Federal de Electricidad reemplazar\u00e1n 150 postes y 8 transformadores que presentan da\u00f1os o condiciones deficientes.<\/p>\n<p>El Municipio de San Pedro Garza Garc\u00eda, en coordinaci\u00f3n con la Comisi\u00f3n Federal de Electricidad (CFE), arranc\u00f3 los trabajos de rehabilitaci\u00f3n de la infraestructura el\u00e9ctrica con el objetivo de mejorar las condiciones de la red y el suministro para la comunidad sampetrina.<\/p>\n<p>El Alcalde Mauricio Farah Giacom\u00e1n supervis\u00f3 el arranque de las labores en el sector franc\u00e9s de Valle de San \u00c1ngel, donde inicialmente se contempla el reemplazo de cuatro postes y ocho transformadores que presentan da\u00f1os y requieren ser sustituidos, y se realizar\u00e1n trabajos de poda especializada.<\/p>\n<p>Como parte de este programa de rehabilitaci\u00f3n, la CFE reemplazar\u00e1 150 postes que se encuentran en malas condiciones en distintos puntos del municipio, adem\u00e1s de realizar podas especializadas en zonas donde la vegetaci\u00f3n representa un riesgo para la infraestructura el\u00e9ctrica.<\/p>\n<p>\u201cTraemos este operativo que quedamos en esa reuni\u00f3n, donde CFE nos iba a estar apoyando en este macrooperativo; la idea aqu\u00ed es inmediatamente cambiar 8 postes que est\u00e1n en muy malas condiciones y se van a cambiar alrededor de todo el municipio 150\u201c, indic\u00f3 Farah Giacom\u00e1n.<\/p>\n<p>\u201cLa verdad, quiero agradecerle much\u00edsimo a CFE por esta, pues, por esta colaboraci\u00f3n y este compromiso que tuvimos ya hace un par de semanas para esta colonia en espec\u00edfico\u201d.<\/p>\n<p>Durante el inicio de los trabajos, Javier Artemio Cisneros Garza, Superintendente de la Zona de Distribuci\u00f3n Metropolitana Poniente de la CFE, se\u00f1al\u00f3 que las labores se mantendr\u00e1n de manera coordinada hasta lograr una mejora sustancial de la infraestructura el\u00e9ctrica del municipio.<\/p>\n<p>El Alcalde destac\u00f3 que, tras sostener una reuni\u00f3n con el Gerente Regional de la CFE hace tres semanas, se estableci\u00f3 una coordinaci\u00f3n para atender una de las principales necesidades relacionadas con los servicios p\u00fablicos en distintos sectores de San Pedro.<br \/>\nComo parte de estos esfuerzos, el Municipio destinar\u00e1 25 millones de pesos para trabajos de rehabilitaci\u00f3n de infraestructura en distintos puntos de San Pedro Garza Garc\u00eda, incluyendo sectores como F\u00e1tima y Jardines del Valle, con el prop\u00f3sito de atender necesidades prioritarias y mejorar las condiciones de las colonias.<\/p>\n<p>Al evento acudieron Miguel \u00c1ngel \u00c1vila Jaime, Secretario de Servicios P\u00fablicos y Mantenimiento de la Ciudad, y Ricardo Sandoval Ortega, Director de Infraestructura El\u00e9ctrica y Comunicaciones de la Secretar\u00eda de Servicios P\u00fablicos y Mantenimiento de la Ciudad.<img data-recalc-dims=\"1\" decoding=\"async\" loading=\"lazy\" src=\"https:\/\/i0.wp.com\/mexpress.info\/index\/wp-content\/uploads\/2026\/09\/WhatsApp-Image-2026-09-01-at-1.36.41-PM-1.jpeg?resize=300%2C200\" alt=\"\" width=\"300\" height=\"200\" class=\"alignnone size-medium wp-image-142958\" srcset=\"https:\/\/i0.wp.com\/mexpress.info\/index\/wp-content\/uploads\/2026\/09\/WhatsApp-Image-2026-09-01-at-1.36.41-PM-1.jpeg?resize=300%2C200&amp;ssl=1 300w, https:\/\/i0.wp.com\/mexpress.info\/index\/wp-content\/uploads\/2026\/09\/WhatsApp-Image-2026-09-01-at-1.36.41-PM-1.jpeg?resize=1024%2C682&amp;ssl=1 1024w, https:\/\/i0.wp.com\/mexpress.info\/index\/wp-content\/uploads\/2026\/09\/WhatsApp-Image-2026-09-01-at-1.36.41-PM-1.jpeg?resize=1536%2C1023&amp;ssl=1 1536w, https:\/\/i0.wp.com\/mexpress.info\/index\/wp-content\/uploads\/2026\/09\/WhatsApp-Image-2026-09-01-at-1.36.41-PM-1.jpeg?w=1600&amp;ssl=1 1600w, https:\/\/i0.wp.com\/mexpress.info\/index\/wp-content\/uploads\/2026\/09\/WhatsApp-Image-2026-09-01-at-1.36.41-PM-1.jpeg?w=1280 1280w\" sizes=\"auto, (max-width: 300px) 100vw, 300px\" \/><\/p>\n","protected":false},"excerpt":{"rendered":"<p>Durante los pr\u00f3ximos meses, el Municipio de San Pedro Garza Garc\u00eda y la Comisi\u00f3n Federal de Electricidad reemplazar\u00e1n 150 postes y 8 transformadores que presentan da\u00f1os o condiciones deficientes. El Municipio de San Pedro Garza Garc\u00eda, en coordinaci\u00f3n con la Comisi\u00f3n Federal de Electricidad (CFE), arranc\u00f3 los trabajos de rehabilitaci\u00f3n de la infraestructura el\u00e9ctrica con [&hellip;]<\/p>\n","protected":false},"author":2,"featured_media":142959,"comment_status":"open","ping_status":"open","sticky":false,"template":"","format":"standard","meta":{"nf_dc_page":"","_jetpack_newsletter_access":"","_jetpack_dont_email_post_to_subs":false,"_jetpack_newsletter_tier_id":0,"_jetpack_memberships_contains_paywalled_content":false,"_jetpack_memberships_contains_paid_content":false,"footnotes":""},"categories":[1],"tags":[],"class_list":["post-142957","post","type-post","status-publish","format-standard","has-post-thumbnail","hentry","category-local"],"jetpack_sharing_enabled":true,"jetpack_featured_media_url":"https:\/\/i0.wp.com\/mexpress.info\/index\/wp-content\/uploads\/2026\/09\/WhatsApp-Image-2026-09-01-at-1.36.41-PM.jpeg?fit=1600%2C1066&ssl=1","_links":{"self":[{"href":"https:\/\/mexpress.info\/index\/wp-json\/wp\/v2\/posts\/142957","targetHints":{"allow":["GET"]}}],"collection":[{"href":"https:\/\/mexpress.info\/index\/wp-json\/wp\/v2\/posts"}],"about":[{"href":"https:\/\/mexpress.info\/index\/wp-json\/wp\/v2\/types\/post"}],"author":[{"embeddable":true,"href":"https:\/\/mexpress.info\/index\/wp-json\/wp\/v2\/users\/2"}],"replies":[{"embeddable":true,"href":"https:\/\/mexpress.info\/index\/wp-json\/wp\/v2\/comments?post=142957"}],"version-history":[{"count":1,"href":"https:\/\/mexpress.info\/index\/wp-json\/wp\/v2\/posts\/142957\/revisions"}],"predecessor-version":[{"id":142960,"href":"https:\/\/mexpress.info\/index\/wp-json\/wp\/v2\/posts\/142957\/revisions\/142960"}],"wp:featuredmedia":[{"embeddable":true,"href":"https:\/\/mexpress.info\/index\/wp-json\/wp\/v2\/media\/142959"}],"wp:attachment":[{"href":"https:\/\/mexpress.info\/index\/wp-json\/wp\/v2\/media?parent=142957"}],"wp:term":[{"taxonomy":"category","embeddable":true,"href":"https:\/\/mexpress.info\/index\/wp-json\/wp\/v2\/categories?post=142957"},{"taxonomy":"post_tag","embeddable":true,"href":"https:\/\/mexpress.info\/index\/wp-json\/wp\/v2\/tags?post=142957"}],"curies":[{"name":"wp","href":"https:\/\/api.w.org\/{rel}","templated":true}]}}