{"id":142906,"date":"2026-08-30T21:45:54","date_gmt":"2026-08-31T03:45:54","guid":{"rendered":"https:\/\/mexpress.info\/index\/?p=142906"},"modified":"2026-08-30T21:45:58","modified_gmt":"2026-08-31T03:45:58","slug":"abarrotan-plaza-de-guadalupe-para-celebrar-a-adultos-mayores","status":"publish","type":"post","link":"https:\/\/mexpress.info\/index\/2026\/08\/abarrotan-plaza-de-guadalupe-para-celebrar-a-adultos-mayores\/","title":{"rendered":"Abarrotan Plaza de Guadalupe para celebrar a adultos mayores"},"content":{"rendered":"<p>Con la asistencia de casi 10 mil personas, el Gobierno Municipal de Guadalupe celebr\u00f3 a los adultos mayores con un gran festejo en la Plaza Principal, en reconocimiento a quienes, con su trabajo y esfuerzo, han contribuido al desarrollo del municipio.<br \/>\nEl alcalde H\u00e9ctor Garc\u00eda y la presidenta del Sistema DIF, Blanca Trevi\u00f1o, convivieron con los asistentes durante el festejo, mientras la Sonora Santanera y Jorge Mu\u00f1iz pusieron el ritmo a la celebraci\u00f3n con interpretaciones que evocaron grandes recuerdos y revivieron historias a trav\u00e9s de cada melod\u00eda.<br \/>\n\u201cQuisimos hacer el honor a esa gente personas mayores, adultos mayores, abuelitos y abuelitas, en honor de ustedes; y esta fiesta se hace por que ustedes la merecen, porque los que tenemos la bendici\u00f3n de Dios de tener nietos, sabemos que es lo que m\u00e1s queremos a nuestros hijos y luego a nuestros nietos.\u201d<br \/>\nLa Plaza Principal luci\u00f3 abarrotada por familias que se sumaron al homenaje y reconocieron el legado, el amor y los valores que los adultos mayores han transmitido de generaci\u00f3n en generaci\u00f3n.<br \/>\nEl edil record\u00f3 que en Guadalupe los adultos mayores reciben atenci\u00f3n integral por parte del Sistema DIF y que ya cuentan con el primer Centro Gerontol\u00f3gico, donde tienen acceso a servicios de salud, atenci\u00f3n psicol\u00f3gica y diversas actividades deportivas y culturales.<\/p>\n<p><img data-recalc-dims=\"1\" decoding=\"async\" loading=\"lazy\" src=\"https:\/\/i0.wp.com\/mexpress.info\/index\/wp-content\/uploads\/2026\/08\/WhatsApp-Image-2026-08-30-at-9.14.04-PM-1.jpeg?resize=300%2C200\" alt=\"\" width=\"300\" height=\"200\" class=\"alignnone size-medium wp-image-142907\" srcset=\"https:\/\/i0.wp.com\/mexpress.info\/index\/wp-content\/uploads\/2026\/08\/WhatsApp-Image-2026-08-30-at-9.14.04-PM-1.jpeg?resize=300%2C200&amp;ssl=1 300w, https:\/\/i0.wp.com\/mexpress.info\/index\/wp-content\/uploads\/2026\/08\/WhatsApp-Image-2026-08-30-at-9.14.04-PM-1.jpeg?resize=1024%2C683&amp;ssl=1 1024w, https:\/\/i0.wp.com\/mexpress.info\/index\/wp-content\/uploads\/2026\/08\/WhatsApp-Image-2026-08-30-at-9.14.04-PM-1.jpeg?w=1437&amp;ssl=1 1437w, https:\/\/i0.wp.com\/mexpress.info\/index\/wp-content\/uploads\/2026\/08\/WhatsApp-Image-2026-08-30-at-9.14.04-PM-1.jpeg?w=1280 1280w\" sizes=\"auto, (max-width: 300px) 100vw, 300px\" \/><\/p>\n","protected":false},"excerpt":{"rendered":"<p>Con la asistencia de casi 10 mil personas, el Gobierno Municipal de Guadalupe celebr\u00f3 a los adultos mayores con un gran festejo en la Plaza Principal, en reconocimiento a quienes, con su trabajo y esfuerzo, han contribuido al desarrollo del municipio. El alcalde H\u00e9ctor Garc\u00eda y la presidenta del Sistema DIF, Blanca Trevi\u00f1o, convivieron con [&hellip;]<\/p>\n","protected":false},"author":2,"featured_media":142908,"comment_status":"open","ping_status":"open","sticky":false,"template":"","format":"standard","meta":{"nf_dc_page":"","_jetpack_newsletter_access":"","_jetpack_dont_email_post_to_subs":false,"_jetpack_newsletter_tier_id":0,"_jetpack_memberships_contains_paywalled_content":false,"_jetpack_memberships_contains_paid_content":false,"footnotes":""},"categories":[1],"tags":[],"class_list":["post-142906","post","type-post","status-publish","format-standard","has-post-thumbnail","hentry","category-local"],"jetpack_sharing_enabled":true,"jetpack_featured_media_url":"https:\/\/i0.wp.com\/mexpress.info\/index\/wp-content\/uploads\/2026\/08\/WhatsApp-Image-2026-08-30-at-9.14.04-PM-3.jpeg?fit=1600%2C1067&ssl=1","_links":{"self":[{"href":"https:\/\/mexpress.info\/index\/wp-json\/wp\/v2\/posts\/142906","targetHints":{"allow":["GET"]}}],"collection":[{"href":"https:\/\/mexpress.info\/index\/wp-json\/wp\/v2\/posts"}],"about":[{"href":"https:\/\/mexpress.info\/index\/wp-json\/wp\/v2\/types\/post"}],"author":[{"embeddable":true,"href":"https:\/\/mexpress.info\/index\/wp-json\/wp\/v2\/users\/2"}],"replies":[{"embeddable":true,"href":"https:\/\/mexpress.info\/index\/wp-json\/wp\/v2\/comments?post=142906"}],"version-history":[{"count":1,"href":"https:\/\/mexpress.info\/index\/wp-json\/wp\/v2\/posts\/142906\/revisions"}],"predecessor-version":[{"id":142909,"href":"https:\/\/mexpress.info\/index\/wp-json\/wp\/v2\/posts\/142906\/revisions\/142909"}],"wp:featuredmedia":[{"embeddable":true,"href":"https:\/\/mexpress.info\/index\/wp-json\/wp\/v2\/media\/142908"}],"wp:attachment":[{"href":"https:\/\/mexpress.info\/index\/wp-json\/wp\/v2\/media?parent=142906"}],"wp:term":[{"taxonomy":"category","embeddable":true,"href":"https:\/\/mexpress.info\/index\/wp-json\/wp\/v2\/categories?post=142906"},{"taxonomy":"post_tag","embeddable":true,"href":"https:\/\/mexpress.info\/index\/wp-json\/wp\/v2\/tags?post=142906"}],"curies":[{"name":"wp","href":"https:\/\/api.w.org\/{rel}","templated":true}]}}