{"id":142897,"date":"2026-08-30T20:52:20","date_gmt":"2026-08-31T02:52:20","guid":{"rendered":"https:\/\/mexpress.info\/index\/?p=142897"},"modified":"2026-08-30T20:52:29","modified_gmt":"2026-08-31T02:52:29","slug":"entregan-samuel-y-mariana-nuevo-comedor-y-cocina-en-capullos","status":"publish","type":"post","link":"https:\/\/mexpress.info\/index\/2026\/08\/entregan-samuel-y-mariana-nuevo-comedor-y-cocina-en-capullos\/","title":{"rendered":"ENTREGAN SAMUEL Y MARIANA NUEVO COMEDOR Y COCINA EN CAPULLOS"},"content":{"rendered":"<p>\u2022\tEl Gobernador Samuel Garc\u00eda reconoci\u00f3 el trabajo de Mariana Rodr\u00edguez en la transformaci\u00f3n de Capullos y se\u00f1al\u00f3 que es el proyecto m\u00e1s significativo de su gobierno.<br \/>\n\u2022\tMariana Rodr\u00edguez Cant\u00fa destac\u00f3 que se trabaja siempre pensando en brindar las mejores condiciones a los menores que pasan por Capullos, y quiere que recuerden que, en su paso por este centro, su vida y brindarles un hogar digno y seguro siempre fue lo m\u00e1s importante.<\/p>\n<p>Guadalupe, Nuevo Le\u00f3n.- Continuando con acciones que cambian la vida de las ni\u00f1as, ni\u00f1os y adolescentes y como parte del proyecto Capullos Renace, el Gobernador de Nuevo Le\u00f3n, Samuel Alejandro Garc\u00eda Sep\u00falveda y la titular de AMAR a Nuevo Le\u00f3n, Mariana Rodr\u00edguez Cant\u00fa entregaron el nuevo Comedor y Cocina, instalaciones donde ahora podr\u00e1n comer en mejores condiciones y con  mayor comodidad. <\/p>\n<p>Al entregar el nuevo espacio, el Mandatario estatal felicit\u00f3 a Mariana Rodr\u00edguez por la agenda social que ha impulsado y enfocado principalmente en ni\u00f1as, ni\u00f1os y mujeres. Destac\u00f3 que uno de los proyectos m\u00e1s significativos ha sido la transformaci\u00f3n de Capullos.<\/p>\n<p>&#8220;Hay sin duda una agenda o un programa que no vimos, que no prometimos en campa\u00f1a y que son todos los temas que Mariana Rodr\u00edguez a la par de ser gobierno fue impulsando. Mariana es quien ha impulsado todos los temas de ni\u00f1os, ni\u00f1as, primera infancia y mujeres. <\/p>\n<p>&#8220;(En Capullos) Empezamos con la primera etapa, que son las villas donde duermen los j\u00f3venes y los ni\u00f1os, segunda etapa, Villa Beb\u00e9s y esta tercera etapa, que fue la escuela, que fue el jard\u00edn, la cancha, el puente Capullos para llegar al nuevo parque del agua, la nueva entrada, nuevo estacionamiento, hoy el nuevo comedor. Capullos pues aunque me queda ya 1 a\u00f1o se va tatuado porque es para m\u00ed el programa m\u00e1s bonito de todos&#8221;, se\u00f1al\u00f3 Garc\u00eda Sep\u00falveda.<\/p>\n<p>La titular de AMAR a Nuevo Le\u00f3n, Mariana Rodr\u00edguez Cant\u00fa destac\u00f3 que estas acciones muestran que la transformaci\u00f3n de Capullos no solo contempla la renovaci\u00f3n de sus instalaciones, sino tambi\u00e9n un cambio profundo en la operaci\u00f3n y atenci\u00f3n de las ni\u00f1as, ni\u00f1os y adolescentes que viven en el centro.<br \/>\nDurante la inauguraci\u00f3n del nuevo comedor y cocina, se\u00f1al\u00f3 que este espacio busca brindar alimentos sanos y balanceados en condiciones adecuadas de higiene, adem\u00e1s de generar un ambiente donde los menores puedan convivir y sentirse cuidados. Asimismo, agradeci\u00f3 a todo el personal que forma parte de este proyecto por el empe\u00f1o y el cari\u00f1o que le ponen al trabajo y a su labor de cuidar a las ni\u00f1as y ni\u00f1os.<\/p>\n<p>&#8220;Este proyecto pues lo ve\u00edamos muy lejano, por as\u00ed decirlo, poder tener ya todo Capullos Renace terminado, pero no nada m\u00e1s las paredes ni en las instalaciones, sino un cambio verdadero en la operaci\u00f3n del centro. Y creo que se nota, creo que se nota en nuestro personal, en la estancia temporal que tienen nuestras ni\u00f1as y ni\u00f1os aqu\u00ed, en los resultados en adopciones, en acogimiento, en lo que hemos logrado transmitir hacia afuera, en que m\u00e1s gente se sume al proyecto de Capullo Renace <\/p>\n<p>\u201cHoy estamos inaugurando el comedor y la cocina de Capullos, dando uno de los pasos m\u00e1s importantes en el renacimiento de este espacio y sobre todo en la forma en que se van reconstruyendo los sue\u00f1os y las ilusiones de las ni\u00f1as y ni\u00f1os que pasan por aqu\u00ed. Queremos que sepan que en este lugar hay personas pendientes de ellos, de su salud, de que coman rico, sano y que tengan energ\u00eda para correr, jugar, aprender y seguir creciendo\u201d, agreg\u00f3 Rodr\u00edguez Cant\u00fa.<br \/>\nPor su parte, la Directora General del Sistema DIF Nuevo Le\u00f3n, Alejandra Morales destac\u00f3 la transformaci\u00f3n que ha tenido Capullos durante la actual administraci\u00f3n, al se\u00f1alar que anteriormente era un \u00e1rea descuidada y que hoy cuenta con instalaciones dignas para ni\u00f1as, ni\u00f1os, adultos mayores y personas con discapacidad. <\/p>\n<p>Asimismo, reconoci\u00f3 el liderazgo del gobernador Samuel Garc\u00eda y el trabajo de Mariana Rodr\u00edguez para colocar a las familias y a las personas en el centro de las decisiones, agreg\u00f3 que la renovaci\u00f3n de Capullos es una muestra de esta visi\u00f3n.<\/p>\n<p>Este nuevo espacio consta de dos plantas, en la planta baja est\u00e1 el comedor de ni\u00f1as, ni\u00f1os y adolescentes, con lavado de acero inoxidable para que puedan lavarse las manos antes de entrar al comedor,  cocina, barra fr\u00eda, barra caliente, bodegas para los v\u00edveres, \u00e1rea para lavar la loza, una oficina para el equipo de nutrici\u00f3n.<\/p>\n<p>Asimismo, en la planta alta est\u00e1n las \u00e1reas para el personal, comedor con cocineta, terraza, oficina para coordinar el mantenimiento preventivo y atender cualquier reparaci\u00f3n.<\/p>\n","protected":false},"excerpt":{"rendered":"<p>\u2022 El Gobernador Samuel Garc\u00eda reconoci\u00f3 el trabajo de Mariana Rodr\u00edguez en la transformaci\u00f3n de Capullos y se\u00f1al\u00f3 que es el proyecto m\u00e1s significativo de su gobierno. \u2022 Mariana Rodr\u00edguez Cant\u00fa destac\u00f3 que se trabaja siempre pensando en brindar las mejores condiciones a los menores que pasan por Capullos, y quiere que recuerden que, en [&hellip;]<\/p>\n","protected":false},"author":2,"featured_media":142898,"comment_status":"open","ping_status":"open","sticky":false,"template":"","format":"standard","meta":{"nf_dc_page":"","_jetpack_newsletter_access":"","_jetpack_dont_email_post_to_subs":false,"_jetpack_newsletter_tier_id":0,"_jetpack_memberships_contains_paywalled_content":false,"_jetpack_memberships_contains_paid_content":false,"footnotes":""},"categories":[1],"tags":[],"class_list":["post-142897","post","type-post","status-publish","format-standard","has-post-thumbnail","hentry","category-local"],"jetpack_sharing_enabled":true,"jetpack_featured_media_url":"https:\/\/i0.wp.com\/mexpress.info\/index\/wp-content\/uploads\/2026\/08\/WhatsApp-Image-2026-08-30-at-1.40.34-PM.jpeg?fit=1600%2C1066&ssl=1","_links":{"self":[{"href":"https:\/\/mexpress.info\/index\/wp-json\/wp\/v2\/posts\/142897","targetHints":{"allow":["GET"]}}],"collection":[{"href":"https:\/\/mexpress.info\/index\/wp-json\/wp\/v2\/posts"}],"about":[{"href":"https:\/\/mexpress.info\/index\/wp-json\/wp\/v2\/types\/post"}],"author":[{"embeddable":true,"href":"https:\/\/mexpress.info\/index\/wp-json\/wp\/v2\/users\/2"}],"replies":[{"embeddable":true,"href":"https:\/\/mexpress.info\/index\/wp-json\/wp\/v2\/comments?post=142897"}],"version-history":[{"count":1,"href":"https:\/\/mexpress.info\/index\/wp-json\/wp\/v2\/posts\/142897\/revisions"}],"predecessor-version":[{"id":142899,"href":"https:\/\/mexpress.info\/index\/wp-json\/wp\/v2\/posts\/142897\/revisions\/142899"}],"wp:featuredmedia":[{"embeddable":true,"href":"https:\/\/mexpress.info\/index\/wp-json\/wp\/v2\/media\/142898"}],"wp:attachment":[{"href":"https:\/\/mexpress.info\/index\/wp-json\/wp\/v2\/media?parent=142897"}],"wp:term":[{"taxonomy":"category","embeddable":true,"href":"https:\/\/mexpress.info\/index\/wp-json\/wp\/v2\/categories?post=142897"},{"taxonomy":"post_tag","embeddable":true,"href":"https:\/\/mexpress.info\/index\/wp-json\/wp\/v2\/tags?post=142897"}],"curies":[{"name":"wp","href":"https:\/\/api.w.org\/{rel}","templated":true}]}}