{"id":142892,"date":"2026-08-30T20:47:39","date_gmt":"2026-08-31T02:47:39","guid":{"rendered":"https:\/\/mexpress.info\/index\/?p=142892"},"modified":"2026-08-30T20:47:43","modified_gmt":"2026-08-31T02:47:43","slug":"inaugura-monterrey-tres-centros-dif-al-poniente-de-la-ciudad","status":"publish","type":"post","link":"https:\/\/mexpress.info\/index\/2026\/08\/inaugura-monterrey-tres-centros-dif-al-poniente-de-la-ciudad\/","title":{"rendered":"Inaugura Monterrey tres Centros DIF al poniente de la ciudad"},"content":{"rendered":"<p>* Los Centros DIF San Mart\u00edn, Tierra y Libertad e INDECO Naranjo ofrecer\u00e1n servicios, talleres y atenci\u00f3n especializada para fortalecer el bienestar de las familias regiomontanas.<\/p>\n<p>El alcalde Adri\u00e1n de la Garza y la presidenta del DIF Monterrey, Gaby Oyervides, entregaron la remodelaci\u00f3n de los Centros DIF San Mart\u00edn, Tierra y Libertad e INDECO Naranjo, como parte del programa \u201cEspacios DIFerentes\u201d, que busca brindar instalaciones dignas, funcionales y mejores servicios a las familias regiomontanas.<\/p>\n<p>Con estas tres renovaciones, el Gobierno de Monterrey suma m\u00e1s del 70 por ciento de los espacios rehabilitados y entregados a la comunidad a trav\u00e9s de esta estrategia.<\/p>\n<p>El edil y su esposa encabezaron los actos inaugurales y realizaron recorridos por los inmuebles para supervisar los trabajos que se hicieron y las nuevas \u00e1reas que estar\u00e1n al servicio de la comunidad.<\/p>\n<p>En el Centro DIF San Mart\u00edn, se llev\u00f3 a cabo una intervenci\u00f3n integral del inmueble, que incluy\u00f3 la construcci\u00f3n de una nueva cocina y ba\u00f1os, un sal\u00f3n de box y formativo, aula digital, sal\u00f3n polivalente y un \u00e1rea de aula geri\u00e1trica.<\/p>\n<p>El inmueble tambi\u00e9n fue equipado con mobiliario nuevo y aparatos especializados para apoyar las terapias de personas con discapacidad f\u00edsica, ya sea de nacimiento, derivada de alguna enfermedad o como consecuencia de un accidente.<\/p>\n<p>Posteriormente, las autoridades realizaron el corte de list\u00f3n del Centro DIF Tierra y Libertad, donde recorrieron este nuevo espacios que cuenta con cocina, salones formativo y polivalente, que permitir\u00e1n ampliar los servicios brindados.<\/p>\n<p>En el INDECO Naranjo, se rehabilito la sala de atenci\u00f3n a los adultos mayores, se implement\u00f3 un sal\u00f3n creativo y se renovaron las \u00e1reas de cocina y ba\u00f1os,<\/p>\n<p>Los centros ofrecer\u00e1n atenci\u00f3n psicol\u00f3gica, actividades y diversos talleres enfocados en fortalecer el bienestar, desarrollo e integraci\u00f3n de los habitantes del sector.<\/p>\n<p>Con la rehabilitaci\u00f3n de estos inmuebles, el Gobierno de Monterrey refrenda su compromiso de acercar servicios sociales y de atenci\u00f3n integral a las colonias, mediante instalaciones adecuadas que contribuyan al bienestar y desarrollo de las familias regiomontanas.<\/p>\n<p>A las inauguraciones tambien asistieron los secretarios de Administraci\u00f3n, Marcelo Segovia, y de Participaci\u00f3n Ciudadana, Rafael Ramos; la directora general del DIF Monterrey, Ivonne \u00c1lvarez; y el director de Mantenimiento y Equipamiento de Monterrey, Roberto Tomasichi.<img data-recalc-dims=\"1\" decoding=\"async\" loading=\"lazy\" src=\"https:\/\/i0.wp.com\/mexpress.info\/index\/wp-content\/uploads\/2026\/08\/WhatsApp-Image-2026-08-30-at-9.00.42-AM.jpeg?resize=300%2C200\" alt=\"\" width=\"300\" height=\"200\" class=\"alignnone size-medium wp-image-142893\" srcset=\"https:\/\/i0.wp.com\/mexpress.info\/index\/wp-content\/uploads\/2026\/08\/WhatsApp-Image-2026-08-30-at-9.00.42-AM-scaled.jpeg?resize=300%2C200&amp;ssl=1 300w, https:\/\/i0.wp.com\/mexpress.info\/index\/wp-content\/uploads\/2026\/08\/WhatsApp-Image-2026-08-30-at-9.00.42-AM-scaled.jpeg?resize=1024%2C683&amp;ssl=1 1024w, https:\/\/i0.wp.com\/mexpress.info\/index\/wp-content\/uploads\/2026\/08\/WhatsApp-Image-2026-08-30-at-9.00.42-AM-scaled.jpeg?resize=1536%2C1024&amp;ssl=1 1536w, https:\/\/i0.wp.com\/mexpress.info\/index\/wp-content\/uploads\/2026\/08\/WhatsApp-Image-2026-08-30-at-9.00.42-AM-scaled.jpeg?resize=2048%2C1366&amp;ssl=1 2048w, https:\/\/i0.wp.com\/mexpress.info\/index\/wp-content\/uploads\/2026\/08\/WhatsApp-Image-2026-08-30-at-9.00.42-AM-scaled.jpeg?w=1280 1280w, https:\/\/i0.wp.com\/mexpress.info\/index\/wp-content\/uploads\/2026\/08\/WhatsApp-Image-2026-08-30-at-9.00.42-AM-scaled.jpeg?w=1920 1920w\" sizes=\"auto, (max-width: 300px) 100vw, 300px\" \/><\/p>\n","protected":false},"excerpt":{"rendered":"<p>* Los Centros DIF San Mart\u00edn, Tierra y Libertad e INDECO Naranjo ofrecer\u00e1n servicios, talleres y atenci\u00f3n especializada para fortalecer el bienestar de las familias regiomontanas. El alcalde Adri\u00e1n de la Garza y la presidenta del DIF Monterrey, Gaby Oyervides, entregaron la remodelaci\u00f3n de los Centros DIF San Mart\u00edn, Tierra y Libertad e INDECO Naranjo, [&hellip;]<\/p>\n","protected":false},"author":2,"featured_media":142894,"comment_status":"open","ping_status":"open","sticky":false,"template":"","format":"standard","meta":{"nf_dc_page":"","_jetpack_newsletter_access":"","_jetpack_dont_email_post_to_subs":false,"_jetpack_newsletter_tier_id":0,"_jetpack_memberships_contains_paywalled_content":false,"_jetpack_memberships_contains_paid_content":false,"footnotes":""},"categories":[1],"tags":[],"class_list":["post-142892","post","type-post","status-publish","format-standard","has-post-thumbnail","hentry","category-local"],"jetpack_sharing_enabled":true,"jetpack_featured_media_url":"https:\/\/i0.wp.com\/mexpress.info\/index\/wp-content\/uploads\/2026\/08\/WhatsApp-Image-2026-08-30-at-9.00.42-AM-2.jpeg?fit=1280%2C853&ssl=1","_links":{"self":[{"href":"https:\/\/mexpress.info\/index\/wp-json\/wp\/v2\/posts\/142892","targetHints":{"allow":["GET"]}}],"collection":[{"href":"https:\/\/mexpress.info\/index\/wp-json\/wp\/v2\/posts"}],"about":[{"href":"https:\/\/mexpress.info\/index\/wp-json\/wp\/v2\/types\/post"}],"author":[{"embeddable":true,"href":"https:\/\/mexpress.info\/index\/wp-json\/wp\/v2\/users\/2"}],"replies":[{"embeddable":true,"href":"https:\/\/mexpress.info\/index\/wp-json\/wp\/v2\/comments?post=142892"}],"version-history":[{"count":1,"href":"https:\/\/mexpress.info\/index\/wp-json\/wp\/v2\/posts\/142892\/revisions"}],"predecessor-version":[{"id":142895,"href":"https:\/\/mexpress.info\/index\/wp-json\/wp\/v2\/posts\/142892\/revisions\/142895"}],"wp:featuredmedia":[{"embeddable":true,"href":"https:\/\/mexpress.info\/index\/wp-json\/wp\/v2\/media\/142894"}],"wp:attachment":[{"href":"https:\/\/mexpress.info\/index\/wp-json\/wp\/v2\/media?parent=142892"}],"wp:term":[{"taxonomy":"category","embeddable":true,"href":"https:\/\/mexpress.info\/index\/wp-json\/wp\/v2\/categories?post=142892"},{"taxonomy":"post_tag","embeddable":true,"href":"https:\/\/mexpress.info\/index\/wp-json\/wp\/v2\/tags?post=142892"}],"curies":[{"name":"wp","href":"https:\/\/api.w.org\/{rel}","templated":true}]}}